{"id":96228,"date":"2023-01-15T07:52:40","date_gmt":"2023-01-15T07:52:40","guid":{"rendered":"https:\/\/www.bbc.com\/mundo\/noticias-61897553"},"modified":"2023-01-15T07:52:40","modified_gmt":"2023-01-15T07:52:40","slug":"el-exilio-de-hace-1-400-anos-que-marca-el-inicio-del-islam","status":"publish","type":"post","link":"http:\/\/cordobadirecto.com\/index.php\/2023\/01\/15\/el-exilio-de-hace-1-400-anos-que-marca-el-inicio-del-islam\/","title":{"rendered":"El exilio de hace 1.400 a\u00f1os que marca el inicio del islam"},"content":{"rendered":"<div dir=\"ltr\" class=\"e1j2237y6 bbc-q4ibpr ebmt73l0\">\n<div class=\"bbc-1atl7vu euvj3t14\">\n<ul role=\"list\" class=\"bbc-k0l9bd euvj3t12\">\n<li role=\"listitem\" class=\"bbc-1a3w4ok euvj3t11\">Edison Veiga<\/li>\n<li role=\"listitem\" class=\"bbc-1p92jtu euvj3t10\">Desde Eslovenia, para BBC News Brasil <\/li>\n<\/ul>\n<\/div>\n<\/div>\n<p><time datetime=\"2023-01-15\" class=\"bbc-1dafq0j e1mklfmt0\">6 horas<\/time><\/p>\n<div dir=\"ltr\" class=\"bbc-1ka88fa ebmt73l0\">\n<figure class=\"bbc-1qdcvv9 e1aczekt0\">\n<div dir=\"ltr\" class=\"bbc-172p16q ebmt73l0\">\n<div dir=\"ltr\" class=\"bbc-189y18v ebmt73l0\" readability=\"6.5\">\n<div data-e2e=\"image-placeholder\" class=\"bbc-997y1y eihqrxw0\" readability=\"8\"><img loading=\"lazy\" sizes=\"(min-width: 1008px) 645px, 100vw\" srcset=\"http:\/\/cordobadirecto.com\/wp-content\/uploads\/2023\/01\/el-exilio-de-hace-1-400-anos-que-marca-el-inicio-del-islam-4.jpg 240w, http:\/\/cordobadirecto.com\/wp-content\/uploads\/2023\/01\/el-exilio-de-hace-1-400-anos-que-marca-el-inicio-del-islam-5.jpg 320w, http:\/\/cordobadirecto.com\/wp-content\/uploads\/2023\/01\/el-exilio-de-hace-1-400-anos-que-marca-el-inicio-del-islam-6.jpg 480w, http:\/\/cordobadirecto.com\/wp-content\/uploads\/2023\/01\/el-exilio-de-hace-1-400-anos-que-marca-el-inicio-del-islam-7.jpg 624w, http:\/\/cordobadirecto.com\/wp-content\/uploads\/2023\/01\/el-exilio-de-hace-1-400-anos-que-marca-el-inicio-del-islam-8.jpg 800w\" src=\"http:\/\/cordobadirecto.com\/wp-content\/uploads\/2023\/01\/el-exilio-de-hace-1-400-anos-que-marca-el-inicio-del-islam.jpg\" alt=\"Grabado otomano que retrata a Mahoma.\" width=\"976\" height=\"549\" class=\"e3vrtyk0 bbc-rb7xa0 e1mo64ex0\"><\/p>\n<p role=\"text\" class=\"bbc-1s1cxbv ewbcsnk0\"><span class=\"bbc-1gnhmg2 ed7bp6y0\">Fuente de la imagen, <\/span><span lang=\"en-GB\">Dominio P\u00fablico<\/span><\/p>\n<\/div>\n<\/div>\n<\/div>\n<\/figure>\n<\/div>\n<div dir=\"ltr\" class=\"bbc-19j92fr ebmt73l0\" readability=\"12\">\n<p dir=\"ltr\" class=\"bbc-hhl7in e17g058b0\"><b>Las religiones necesitan mitos fundadores. En el caso del islam, este hito es la llamada H\u00e9gira, la migraci\u00f3n del profeta Mahoma (571-632) y sus seguidores desde la ciudad de La Meca a Medina, ambos en la actual Arabia Saudita. <\/b><\/p>\n<\/div>\n<div dir=\"ltr\" class=\"bbc-19j92fr ebmt73l0\" readability=\"9\">\n<p dir=\"ltr\" class=\"bbc-hhl7in e17g058b0\">El recorrido, de unos 500 kil\u00f3metros, se conquist\u00f3 en 12 d\u00edas.<\/p>\n<\/div>\n<div dir=\"ltr\" class=\"bbc-19j92fr ebmt73l0\" readability=\"14\">\n<p dir=\"ltr\" class=\"bbc-hhl7in e17g058b0\">Mahoma, o Muhammad, ya era un l\u00edder religioso respetado. Considerado un mensajero de Dios, llamado Al\u00e1 por los musulmanes, impuls\u00f3 reformas tanto en el juda\u00edsmo como en el cristianismo, adem\u00e1s de combatir las religiones paganas polite\u00edstas.<\/p>\n<\/div>\n<div dir=\"ltr\" class=\"bbc-19j92fr ebmt73l0\" readability=\"8\">\n<p dir=\"ltr\" class=\"bbc-hhl7in e17g058b0\">Esto hizo que se convirtiera en el objetivo de las hostilidades en La Meca, su ciudad natal.<\/p>\n<\/div>\n<div dir=\"ltr\" class=\"bbc-19j92fr ebmt73l0\" readability=\"9\">\n<p dir=\"ltr\" class=\"bbc-hhl7in e17g058b0\">Imbuido en sus principios e invitado por los l\u00edderes de Medina, <b>decidi\u00f3 impulsar este movimiento del exilio. <\/b><\/p>\n<\/div>\n<div dir=\"ltr\" class=\"bbc-19j92fr ebmt73l0\" readability=\"9\">\n<p dir=\"ltr\" class=\"bbc-hhl7in e17g058b0\">Ya ten\u00eda m\u00e1s de 50 a\u00f1os. Seg\u00fan el calendario gregoriano, la H\u00e9gira ocurri\u00f3 hace exactamente 1.400 a\u00f1os.<\/p>\n<\/div>\n<div dir=\"ltr\" class=\"bbc-19j92fr ebmt73l0\" readability=\"17\">\n<p dir=\"ltr\" class=\"bbc-hhl7in e17g058b0\">&#8220;En La Meca, los musulmanes estaban siendo perseguidos. Hubo mucha violencia, mucha disputa, mucha agresi\u00f3n. Un grupo de conversos al islam (de Medina) acudi\u00f3 al profeta Mahoma para decirle que pod\u00eda realizar (su proyecto) all\u00ed, que ser\u00eda importante porque hab\u00eda una disputa entre jud\u00edos y personas que eran id\u00f3latras&#8221;, explica la antrop\u00f3loga Francirosy Campos Barbosa, profesora de la Universidad de S\u00e3o Paulo (USP-Ribeir\u00e3o Preto) y autora del libro &#8220;Hajja, hajja : la experiencia de la peregrinaci\u00f3n&#8221;.<\/p>\n<\/div>\n<div dir=\"ltr\" class=\"bbc-19j92fr ebmt73l0\" readability=\"8\">\n<p dir=\"ltr\" class=\"bbc-hhl7in e17g058b0\">&#8220;Y eso (la llegada de Mahoma) tambi\u00e9n fue importante<b> para pacificar esas diferencias que exist\u00edan all\u00ed&#8221;.<\/b><\/p>\n<\/div>\n<div dir=\"ltr\" class=\"bbc-19j92fr ebmt73l0\" readability=\"17\">\n<p dir=\"ltr\" class=\"bbc-hhl7in e17g058b0\">&#8220;En t\u00e9rminos generales, la H\u00e9gira fue la inmigraci\u00f3n de los primeros musulmanes, hist\u00f3ricamente, a la ciudad de Medina y tambi\u00e9n a Abisinia, m\u00e1s precisamente donde se encuentran Eritrea y Etiop\u00eda&#8221;, explica el cient\u00edfico de religi\u00f3n Atilla Kus, investigador y maestro de la Pontificia Universidad Cat\u00f3lica de S\u00e3o Paulo (PUC-SP), y autor del libro La Constituci\u00f3n de Medina.<\/p>\n<\/div>\n<div dir=\"ltr\" class=\"bbc-19j92fr ebmt73l0\" readability=\"8\">\n<p dir=\"ltr\" class=\"bbc-hhl7in e17g058b0\">No hay consenso sobre la fecha exacta de este evento hist\u00f3rico. Por varias razones. Empezando por el hecho de que la cuenta del tiempo en aquel entonces era diferente a la de hoy. <\/p>\n<\/div>\n<div dir=\"ltr\" class=\"bbc-19j92fr ebmt73l0\" readability=\"13\">\n<p dir=\"ltr\" class=\"bbc-hhl7in e17g058b0\">Luego, porque para los musulmanes, que consideran la H\u00e9gira precisamente como la zona cero, <b>el calendario es lunar<\/b>, a diferencia del calendario gregoriano utilizado en gran parte del mundo contempor\u00e1neo.<\/p>\n<\/div>\n<div dir=\"ltr\" class=\"bbc-19j92fr ebmt73l0\" readability=\"13\">\n<p dir=\"ltr\" class=\"bbc-hhl7in e17g058b0\">El calendario gregoriano en s\u00ed, por cierto, se implement\u00f3 hace mucho menos tiempo, 440 a\u00f1os, y antes de eso se hicieron de vez en cuando tantos ajustes para corregir las distorsiones en el conteo del tiempo que se vuelve muy dif\u00edcil hacer una actualizaci\u00f3n precisa.<\/p>\n<\/div>\n<div dir=\"ltr\" class=\"bbc-19j92fr ebmt73l0\" readability=\"12\">\n<p dir=\"ltr\" class=\"bbc-hhl7in e17g058b0\">&#8220;Adem\u00e1s, estos hechos se transmitieron oralmente durante mucho tiempo, entonces algunos dicen que fue en esa fecha, otros dicen que fue en otra&#8221;, explica Kus. <\/p>\n<\/div>\n<div dir=\"ltr\" class=\"bbc-19j92fr ebmt73l0\" readability=\"9\">\n<p dir=\"ltr\" class=\"bbc-hhl7in e17g058b0\">Hay quienes sostienen que la H\u00e9gira comenz\u00f3 el<b> 21 de junio de 622<\/b>. Pero tambi\u00e9n hay quienes citan el 15 o el 16 de julio, o incluso fechas en el mes de septiembre.<\/p>\n<\/div>\n<div class=\"bbc-sffzb7 e1hrqbfn0\">\n<div dir=\"ltr\" class=\"bbc-1ka88fa ebmt73l0\">\n<figure class=\"bbc-1qdcvv9 e1aczekt0\">\n<div dir=\"ltr\" class=\"bbc-172p16q ebmt73l0\">\n<div dir=\"ltr\" class=\"bbc-189y18v ebmt73l0\" readability=\"6.5\">\n<div data-e2e=\"image-placeholder\" class=\"bbc-997y1y eihqrxw0\" readability=\"8\"><noscript><img loading=\"lazy\" sizes=\"(min-width: 1008px) 645px, 100vw\" srcset=\"http:\/\/cordobadirecto.com\/wp-content\/uploads\/2023\/01\/el-exilio-de-hace-1-400-anos-que-marca-el-inicio-del-islam-9.jpg 240w, http:\/\/cordobadirecto.com\/wp-content\/uploads\/2023\/01\/el-exilio-de-hace-1-400-anos-que-marca-el-inicio-del-islam-10.jpg 320w, http:\/\/cordobadirecto.com\/wp-content\/uploads\/2023\/01\/el-exilio-de-hace-1-400-anos-que-marca-el-inicio-del-islam-11.jpg 480w, http:\/\/cordobadirecto.com\/wp-content\/uploads\/2023\/01\/el-exilio-de-hace-1-400-anos-que-marca-el-inicio-del-islam-12.jpg 624w, http:\/\/cordobadirecto.com\/wp-content\/uploads\/2023\/01\/el-exilio-de-hace-1-400-anos-que-marca-el-inicio-del-islam-13.jpg 794w\" src=\"http:\/\/cordobadirecto.com\/wp-content\/uploads\/2023\/01\/el-exilio-de-hace-1-400-anos-que-marca-el-inicio-del-islam-1.jpg\" alt=\"Califa Omar\" width=\"794\" height=\"513\" class=\"e3vrtyk0 bbc-rb7xa0 e1mo64ex0\"><\/noscript><\/p>\n<p role=\"text\" class=\"bbc-1s1cxbv ewbcsnk0\"><span class=\"bbc-1gnhmg2 ed7bp6y0\">Fuente de la imagen, <\/span><span lang=\"en-GB\">Dominio P\u00fablico<\/span><\/p>\n<\/div>\n<\/div>\n<div dir=\"ltr\" class=\"bbc-3edg7g ebmt73l0\" readability=\"7.5\"><figcaption dir=\"ltr\" class=\"bbc-rhuvwm e6i104o0\" readability=\"5\"><span class=\"bbc-1gnhmg2 ed7bp6y0\">Pie de foto, <\/span><\/p>\n<p>El califa Omar, el sucesor de Mahoma, habr\u00eda establecido el calendario con la H\u00e9gira como zona cero.<\/p>\n<\/figcaption><\/div>\n<\/div>\n<\/figure>\n<\/div>\n<\/div>\n<div dir=\"ltr\" class=\"bbc-19j92fr ebmt73l0\" readability=\"11\">\n<p dir=\"ltr\" class=\"bbc-hhl7in e17g058b0\">En la cuenta musulmana, cuyo calendario es m\u00e1s corto que el calendario gregoriano, que tiene una base solar, el evento central de la H\u00e9gira ocurri\u00f3 hace 1.444 a\u00f1os.<\/p>\n<\/div>\n<div dir=\"ltr\" class=\"bbc-19j92fr ebmt73l0\" readability=\"9\">\n<p dir=\"ltr\" class=\"bbc-hhl7in e17g058b0\">En este calendario, el a\u00f1o en curso comenz\u00f3 el 10 de agosto de 2021 y finaliza el 28 de julio de 2022.<\/p>\n<\/div>\n<p><h2 id=\"Significado\" tabindex=\"-1\" class=\"bbc-1f03ibc eglt09e0\">Significado<\/h2>\n<\/p>\n<div dir=\"ltr\" class=\"bbc-19j92fr ebmt73l0\" readability=\"7\">\n<p dir=\"ltr\" class=\"bbc-hhl7in e17g058b0\">La palabra h\u00e9gira<b> literalmente significa separaci\u00f3n.<\/b><\/p>\n<\/div>\n<div dir=\"ltr\" class=\"bbc-19j92fr ebmt73l0\" readability=\"15\">\n<p dir=\"ltr\" class=\"bbc-hhl7in e17g058b0\">&#8220;Es distanciarse, alejarse de algunas personas, de algo, de alg\u00fan lugar. En los textos cl\u00e1sicos del islam, como el Cor\u00e1n y los dichos del profeta Mahoma, la H\u00e9gira se usa como una distancia de lo que es malo&#8221;, explica Kus. <\/p>\n<\/div>\n<div dir=\"ltr\" class=\"bbc-19j92fr ebmt73l0\" readability=\"7\">\n<p dir=\"ltr\" class=\"bbc-hhl7in e17g058b0\">&#8220;Y en ese mal se considera una sociedad que tiene la maldad y la injusticia en ella&#8221;.<\/p>\n<\/div>\n<div dir=\"ltr\" class=\"bbc-19j92fr ebmt73l0\" readability=\"10\">\n<p dir=\"ltr\" class=\"bbc-hhl7in e17g058b0\">&#8220;La H\u00e9gira no es solo una inmigraci\u00f3n f\u00edsica del cuerpo a otro lugar, sino tambi\u00e9n un tema que involucra la espiritualidad&#8221;, explica.<\/p>\n<\/div>\n<div dir=\"ltr\" class=\"bbc-19j92fr ebmt73l0\" readability=\"9\">\n<p dir=\"ltr\" class=\"bbc-hhl7in e17g058b0\">&#8220;El verdadero inmigrante al islam<b> es el que se aleja de lo que Dios ha prohibido, de lo que es pecado&#8221;.<\/b><\/p>\n<\/div>\n<div dir=\"ltr\" class=\"bbc-19j92fr ebmt73l0\" readability=\"11\">\n<p dir=\"ltr\" class=\"bbc-hhl7in e17g058b0\">En este sentido, cuando se produjo la H\u00e9gira, Kus contextualiza que fue el derrocamiento de &#8220;una sociedad injusta, desigual y perseguidora de las opiniones diferentes&#8221;.<\/p>\n<\/div>\n<div dir=\"ltr\" class=\"bbc-19j92fr ebmt73l0\" readability=\"8\">\n<p dir=\"ltr\" class=\"bbc-hhl7in e17g058b0\">Es interesante que el tema de la <b>inmigraci\u00f3n aparezca como fundamental en muchas religiones.<\/b> Mois\u00e9s habr\u00eda liberado a su pueblo de Egipto y los habr\u00eda conducido a la tierra prometida.<\/p>\n<\/div>\n<div dir=\"ltr\" class=\"bbc-19j92fr ebmt73l0\" readability=\"11\">\n<p dir=\"ltr\" class=\"bbc-hhl7in e17g058b0\">Jesucristo naci\u00f3 en Bel\u00e9n porque Jos\u00e9 necesitar\u00eda alistarse all\u00ed, en un censo que se estar\u00eda realizando. Y el mismo Jes\u00fas, en la vida adulta, se convertir\u00eda en un predicador peregrino.<\/p>\n<\/div>\n<div dir=\"ltr\" class=\"bbc-19j92fr ebmt73l0\" readability=\"10\">\n<p dir=\"ltr\" class=\"bbc-hhl7in e17g058b0\">Lo mismo ocurre con Siddhartha Gautama, el padre del budismo, que a los 29 a\u00f1os acabar\u00eda abandonando el palacio donde viv\u00eda <b>para emprender una vida errante.<\/b><\/p>\n<\/div>\n<div dir=\"ltr\" class=\"bbc-19j92fr ebmt73l0\" readability=\"10\">\n<p dir=\"ltr\" class=\"bbc-hhl7in e17g058b0\">&#8220;Me parece muy revelador que existan tales similitudes entre religiones. Son salidas de lugares de opresi\u00f3n a lugares donde la gente puede vivir su religiosidad y espiritualidad de la mejor manera posible&#8221;, analiza la antrop\u00f3loga Francirosy Barbosa.<\/p>\n<\/div>\n<div dir=\"ltr\" class=\"bbc-19j92fr ebmt73l0\" readability=\"17\">\n<p dir=\"ltr\" class=\"bbc-hhl7in e17g058b0\">&#8220;Es como si Dios enviara una se\u00f1al a esa gente que sufre de que hay una posibilidad de cierta redenci\u00f3n, un lugar acogedor donde la gente puede ejercer, practicar su religiosidad. Todas estas experiencias religiosas, los textos sagrados, marcan esto. De modo que uno de los pilares de la fe isl\u00e1mica es creer en libros sagrados anteriores al Cor\u00e1n, como el Tor\u00e1, los Salmos de David, el Antiguo Testamento\u2026 Porque estos textos tambi\u00e9n traen referencias a historias que es importante contar&#8221;.<\/p>\n<\/div>\n<div dir=\"ltr\" class=\"bbc-19j92fr ebmt73l0\" readability=\"9\">\n<p dir=\"ltr\" class=\"bbc-hhl7in e17g058b0\">El investigador Kus se\u00f1ala que este movimiento migratorio de Mahoma representa &#8220;el punto de partida de la cultura y la civilizaci\u00f3n isl\u00e1micas, <b>el punto de partida de la sociedad isl\u00e1mica<\/b>&#8220;.<\/p>\n<\/div>\n<div dir=\"ltr\" class=\"bbc-19j92fr ebmt73l0\" readability=\"14\">\n<p dir=\"ltr\" class=\"bbc-hhl7in e17g058b0\">&#8220;Cuando tratas el tema de diferenciar identidades, la H\u00e9gira sirve como base para diferenciar entre monote\u00edsmo y polite\u00edsmo, as\u00ed como dentro del propio monote\u00edsmo, o los monote\u00edsmos, diferenciando el islam del juda\u00edsmo y el cristianismo&#8221;, argumenta Kus.<\/p>\n<\/div>\n<div dir=\"ltr\" class=\"bbc-19j92fr ebmt73l0\" readability=\"13\">\n<p dir=\"ltr\" class=\"bbc-hhl7in e17g058b0\">En Medina, en la \u00e9poca llamada Yatreb, los primeros musulmanes establecieron, seg\u00fan el cient\u00edfico de la religi\u00f3n, una &#8220;demarcaci\u00f3n identitaria&#8221; que<b> acabar\u00eda por constituir el &#8220;comienzo de la civilizaci\u00f3n isl\u00e1mica&#8221;.<\/b><\/p>\n<\/div>\n<div dir=\"ltr\" class=\"bbc-19j92fr ebmt73l0\" readability=\"18\">\n<p dir=\"ltr\" class=\"bbc-hhl7in e17g058b0\">&#8220;En el texto del Cor\u00e1n comienza la idea de las ense\u00f1anzas sociales, el Cor\u00e1n comienza a tener el tono de normatividad social, ense\u00f1anzas de c\u00f3mo debe comportarse el musulm\u00e1n dentro de la familia, con los dem\u00e1s, c\u00f3mo es la actitud de un comerciante, de un agricultor, de un vendedor, c\u00f3mo debe ser y cu\u00e1les son los principios de un gobierno seg\u00fan los principios isl\u00e1micos&#8221;, explica.<\/p>\n<\/div>\n<p><h2 id=\"Medina\" tabindex=\"-1\" class=\"bbc-1f03ibc eglt09e0\">Medina<\/h2>\n<\/p>\n<div dir=\"ltr\" class=\"bbc-19j92fr ebmt73l0\" readability=\"10\">\n<p dir=\"ltr\" class=\"bbc-hhl7in e17g058b0\">Para los estudiosos, Medina se convirti\u00f3, en ese momento, en una<b> ciudad modelo<\/b> para el islam.<\/p>\n<\/div>\n<div dir=\"ltr\" class=\"bbc-19j92fr ebmt73l0\" readability=\"9\">\n<p dir=\"ltr\" class=\"bbc-hhl7in e17g058b0\">&#8220;Est\u00e1 la idealizaci\u00f3n de la ciudad virtuosa, aquella donde no habr\u00eda injusticia&#8221;, dice Kus.<\/p>\n<\/div>\n<div dir=\"ltr\" class=\"bbc-19j92fr ebmt73l0\" readability=\"13\">\n<p dir=\"ltr\" class=\"bbc-hhl7in e17g058b0\">Barbosa explica que, en ese momento, el Cor\u00e1n estaba en proceso de redacci\u00f3n. Se\u00f1ala que las suras, el nombre dado a los cap\u00edtulos del libro sagrado, &#8220;reveladas&#8221; en Medina son diferentes de las de La Meca.<\/p>\n<\/div>\n<div dir=\"ltr\" class=\"bbc-19j92fr ebmt73l0\" readability=\"15\">\n<p dir=\"ltr\" class=\"bbc-hhl7in e17g058b0\">&#8220;Por lo general, las suras reveladas en La Meca ten\u00edan expresiones como &#8216;oh gente&#8217;, &#8216;oh humanos&#8217;. En Medina, la direcci\u00f3n es &#8216;oh creyentes&#8217;, porque all\u00ed Dios ya estaba hablando a los fieles. En Medina, la gente ya es musulmana&#8221;, enfatiza.<\/p>\n<\/div>\n<div dir=\"ltr\" class=\"bbc-19j92fr ebmt73l0\" readability=\"11\">\n<p dir=\"ltr\" class=\"bbc-hhl7in e17g058b0\">En Medina, Mahoma establece una constituci\u00f3n con<b> los principios del islam en forma de gobierno. &#8220;<\/b>Por eso la H\u00e9gira es la puerta de entrada a una sociedad totalmente isl\u00e1mica&#8221;, resume el antrop\u00f3logo.<\/p>\n<\/div>\n<div dir=\"ltr\" class=\"e18mih2h1 bbc-9m7iam ebmt73l0\">\n<figure class=\"bbc-1qdcvv9 e1aczekt0\">\n<div dir=\"ltr\" class=\"bbc-vx18wi ebmt73l0\">\n<div dir=\"ltr\" class=\"bbc-rprdln ebmt73l0\" readability=\"6.5\">\n<div data-e2e=\"image-placeholder\" class=\"bbc-997y1y eihqrxw0\" readability=\"8\"><noscript><img loading=\"lazy\" sizes=\"(min-width: 1008px) 645px, 100vw\" srcset=\"http:\/\/cordobadirecto.com\/wp-content\/uploads\/2023\/01\/el-exilio-de-hace-1-400-anos-que-marca-el-inicio-del-islam-14.jpg 240w, http:\/\/cordobadirecto.com\/wp-content\/uploads\/2023\/01\/el-exilio-de-hace-1-400-anos-que-marca-el-inicio-del-islam-15.jpg 320w, http:\/\/cordobadirecto.com\/wp-content\/uploads\/2023\/01\/el-exilio-de-hace-1-400-anos-que-marca-el-inicio-del-islam-16.jpg 480w, http:\/\/cordobadirecto.com\/wp-content\/uploads\/2023\/01\/el-exilio-de-hace-1-400-anos-que-marca-el-inicio-del-islam-17.jpg 624w, http:\/\/cordobadirecto.com\/wp-content\/uploads\/2023\/01\/el-exilio-de-hace-1-400-anos-que-marca-el-inicio-del-islam-18.jpg 800w\" src=\"http:\/\/cordobadirecto.com\/wp-content\/uploads\/2023\/01\/el-exilio-de-hace-1-400-anos-que-marca-el-inicio-del-islam-2.jpg\" alt=\"Imagen del siglo 15 que retrata a Mahoma\" width=\"1575\" height=\"2306\" class=\"e3vrtyk0 bbc-rb7xa0 e1mo64ex0\"><\/noscript><\/p>\n<p role=\"text\" class=\"bbc-1s1cxbv ewbcsnk0\"><span class=\"bbc-1gnhmg2 ed7bp6y0\">Fuente de la imagen, <\/span><span lang=\"en-GB\">Dominio P\u00fablico<\/span><\/p>\n<\/div>\n<\/div>\n<div dir=\"ltr\" class=\"bbc-3edg7g ebmt73l0\" readability=\"6.5\"><figcaption dir=\"ltr\" class=\"bbc-rhuvwm e6i104o0\" readability=\"3\"><span class=\"bbc-1gnhmg2 ed7bp6y0\">Pie de foto, <\/span><\/p>\n<p>La migraci\u00f3n del profeta Mahoma y sus seguidores de la ciudad de La Meca a Medina marca el comienzo del islam.<\/p>\n<\/figcaption><\/div>\n<\/div>\n<\/figure>\n<\/div>\n<div dir=\"ltr\" class=\"bbc-19j92fr ebmt73l0\" readability=\"10\">\n<p dir=\"ltr\" class=\"bbc-hhl7in e17g058b0\">All\u00ed se establecen reglas como el ayuno anual, las oraciones, la contribuci\u00f3n anual que se debe hacer en funci\u00f3n de las ganancias de cada musulm\u00e1n.<\/p>\n<\/div>\n<div dir=\"ltr\" class=\"bbc-19j92fr ebmt73l0\" readability=\"13\">\n<p dir=\"ltr\" class=\"bbc-hhl7in e17g058b0\">&#8220;Las reglas se ponen en pr\u00e1ctica. Toman un formato, una f\u00f3rmula. Algunas de estas cosas ya se hac\u00edan en La Meca, pero no exactamente como hoy, dentro de una estructura religiosa. En Medina se instaur\u00f3 la pr\u00e1ctica religiosa&#8221;, apunta Barbosa.<\/p>\n<\/div>\n<div dir=\"ltr\" class=\"bbc-19j92fr ebmt73l0\" readability=\"11\">\n<p dir=\"ltr\" class=\"bbc-hhl7in e17g058b0\">Kus, estudioso del tema, cree que los principios democr\u00e1ticos eran visibles en la sociedad original de Medina, como pocos se ve\u00edan en ese momento.<\/p>\n<\/div>\n<div dir=\"ltr\" class=\"bbc-19j92fr ebmt73l0\" readability=\"10\">\n<p dir=\"ltr\" class=\"bbc-hhl7in e17g058b0\">&#8220;Desde mi punto de vista, <b>la H\u00e9gira tambi\u00e9n simboliza esto: la relaci\u00f3n entre Islam y democracia&#8221;<\/b>, comenta.<\/p>\n<\/div>\n<div dir=\"ltr\" class=\"bbc-19j92fr ebmt73l0\" readability=\"10\">\n<p dir=\"ltr\" class=\"bbc-hhl7in e17g058b0\">&#8220;Hay una relaci\u00f3n muy fuerte. La constituci\u00f3n de Medina fue un documento firmado por cristianos polite\u00edstas, jud\u00edos, musulmanes y \u00e1rabes en ese momento&#8221;.<\/p>\n<\/div>\n<div dir=\"ltr\" class=\"bbc-19j92fr ebmt73l0\" readability=\"15\">\n<p dir=\"ltr\" class=\"bbc-hhl7in e17g058b0\">El texto fue formulado entre los a\u00f1os 622 y 624 y, seg\u00fan la investigaci\u00f3n de Kus, ten\u00eda una &#8220;muy fuerte apertura a la libertad de expresi\u00f3n&#8221;, lo que permiti\u00f3, &#8220;despu\u00e9s de muchos siglos&#8221;, que hubiera &#8220;por primera vez una pol\u00edtica uni\u00f3n entre \u00e1rabes de diferentes segmentos en una sociedad propiamente \u00e1rabe en ese momento&#8221;.<\/p>\n<\/div>\n<div dir=\"ltr\" class=\"bbc-19j92fr ebmt73l0\" readability=\"12\">\n<p dir=\"ltr\" class=\"bbc-hhl7in e17g058b0\">&#8220;En este sentido, podemos ver la H\u00e9gira como una confirmaci\u00f3n,<b> una afirmaci\u00f3n pol\u00edtica y democr\u00e1tica<\/b> del respeto a la b\u00fasqueda de la libertad sin renunciar a la libertad de los dem\u00e1s. Algo as\u00ed como asegurar la libertad para que tu libertad tambi\u00e9n est\u00e9 garantizada&#8221;, dice.<\/p>\n<\/div>\n<div dir=\"ltr\" class=\"bbc-19j92fr ebmt73l0\" readability=\"10\">\n<p dir=\"ltr\" class=\"bbc-hhl7in e17g058b0\">La comprensi\u00f3n de la H\u00e9gira como el punto cero del calendario musulm\u00e1n fue obra del segundo califa, es decir, del segundo sucesor de Mahoma.<\/p>\n<\/div>\n<div dir=\"ltr\" class=\"bbc-19j92fr ebmt73l0\" readability=\"8\">\n<p dir=\"ltr\" class=\"bbc-hhl7in e17g058b0\"><b>Umar Ibn Alcatab (586-644)<\/b> dirigi\u00f3 a los musulmanes del 634 al 644 e instituy\u00f3 el calendario siete a\u00f1os despu\u00e9s de la muerte del profeta fundador.<\/p>\n<\/div>\n<div dir=\"ltr\" class=\"bbc-19j92fr ebmt73l0\" readability=\"12\">\n<p dir=\"ltr\" class=\"bbc-hhl7in e17g058b0\">&#8220;En la sociedad \u00e1rabe antigua no hab\u00eda un calendario fijo, las fechas siempre diverg\u00edan porque eran algo como &#8216;esto sucedi\u00f3 tantos a\u00f1os despu\u00e9s de este evento&#8217;. Para evitar confusiones, el califa sistematiz\u00f3 el calendario a partir de la H\u00e9gira&#8221;, finaliza Kus.<\/p>\n<\/div>\n<div dir=\"ltr\" class=\"bbc-1ka88fa ebmt73l0\">\n<figure class=\"bbc-1qdcvv9 e1aczekt0\">\n<div dir=\"ltr\" class=\"bbc-172p16q ebmt73l0\">\n<div dir=\"ltr\" class=\"bbc-189y18v ebmt73l0\">\n<div data-e2e=\"image-placeholder\" class=\"bbc-997y1y eihqrxw0\"><noscript><img loading=\"lazy\" sizes=\"(min-width: 1008px) 645px, 100vw\" srcset=\"http:\/\/cordobadirecto.com\/wp-content\/uploads\/2023\/01\/el-exilio-de-hace-1-400-anos-que-marca-el-inicio-del-islam-19.jpg 240w, http:\/\/cordobadirecto.com\/wp-content\/uploads\/2023\/01\/el-exilio-de-hace-1-400-anos-que-marca-el-inicio-del-islam-20.jpg 320w, http:\/\/cordobadirecto.com\/wp-content\/uploads\/2023\/01\/el-exilio-de-hace-1-400-anos-que-marca-el-inicio-del-islam-21.jpg 464w\" src=\"http:\/\/cordobadirecto.com\/wp-content\/uploads\/2023\/01\/el-exilio-de-hace-1-400-anos-que-marca-el-inicio-del-islam-3.jpg\" alt=\"L\u00ednea\" width=\"464\" height=\"2\" class=\"e3vrtyk0 bbc-rb7xa0 e1mo64ex0\"><\/noscript><\/div>\n<\/div>\n<\/div>\n<\/figure>\n<\/div>\n<div dir=\"ltr\" class=\"bbc-19j92fr ebmt73l0\" readability=\"8\">\n<p dir=\"ltr\" class=\"bbc-hhl7in e17g058b0\"><i class=\"bbc-h1y5j7 eih42320\">Ahora puedes recibir notificaciones de BBC News Mundo. Descarga la nueva versi\u00f3n de nuestra app y act\u00edvalas para no perderte nuestro mejor contenido.<\/i><\/p>\n<\/div>\n","protected":false},"excerpt":{"rendered":"<p>Edison Veiga Desde Eslovenia, para BBC News Brasil 6 horas Fuente de la imagen, Dominio P\u00fablico Las religiones necesitan mitos fundadores. En el caso del islam, este hito es la llamada H\u00e9gira, la migraci\u00f3n del profeta Mahoma (571-632) y sus seguidores desde la ciudad de La Meca a Medina, ambos en la actual Arabia Saudita. [&hellip;]<\/p>\n","protected":false},"author":1,"featured_media":96229,"comment_status":"closed","ping_status":"closed","sticky":false,"template":"","format":"standard","meta":[],"categories":[24],"tags":[],"_links":{"self":[{"href":"http:\/\/cordobadirecto.com\/index.php\/wp-json\/wp\/v2\/posts\/96228"}],"collection":[{"href":"http:\/\/cordobadirecto.com\/index.php\/wp-json\/wp\/v2\/posts"}],"about":[{"href":"http:\/\/cordobadirecto.com\/index.php\/wp-json\/wp\/v2\/types\/post"}],"author":[{"embeddable":true,"href":"http:\/\/cordobadirecto.com\/index.php\/wp-json\/wp\/v2\/users\/1"}],"replies":[{"embeddable":true,"href":"http:\/\/cordobadirecto.com\/index.php\/wp-json\/wp\/v2\/comments?post=96228"}],"version-history":[{"count":0,"href":"http:\/\/cordobadirecto.com\/index.php\/wp-json\/wp\/v2\/posts\/96228\/revisions"}],"wp:featuredmedia":[{"embeddable":true,"href":"http:\/\/cordobadirecto.com\/index.php\/wp-json\/wp\/v2\/media\/96229"}],"wp:attachment":[{"href":"http:\/\/cordobadirecto.com\/index.php\/wp-json\/wp\/v2\/media?parent=96228"}],"wp:term":[{"taxonomy":"category","embeddable":true,"href":"http:\/\/cordobadirecto.com\/index.php\/wp-json\/wp\/v2\/categories?post=96228"},{"taxonomy":"post_tag","embeddable":true,"href":"http:\/\/cordobadirecto.com\/index.php\/wp-json\/wp\/v2\/tags?post=96228"}],"curies":[{"name":"wp","href":"https:\/\/api.w.org\/{rel}","templated":true}]}}