{"id":9727,"date":"2021-07-05T17:38:26","date_gmt":"2021-07-05T17:38:26","guid":{"rendered":"http:\/\/cordobadirecto.com\/index.php\/2021\/07\/05\/murio-a-los-78-anos-la-iconica-raffaella-carra\/"},"modified":"2021-07-05T17:38:26","modified_gmt":"2021-07-05T17:38:26","slug":"murio-a-los-78-anos-la-iconica-raffaella-carra","status":"publish","type":"post","link":"http:\/\/cordobadirecto.com\/index.php\/2021\/07\/05\/murio-a-los-78-anos-la-iconica-raffaella-carra\/","title":{"rendered":"Muri\u00f3 a los 78 a\u00f1os la ic\u00f3nica Raffaella Carr\u00e1"},"content":{"rendered":"<div class=\"image\" id=\"image\" readability=\"7\"> <img src=\"http:\/\/cordobadirecto.com\/wp-content\/uploads\/2021\/07\/murio-a-los-78-anos-la-iconica-raffaella-carra.jpg\" alt=\"Los principales peri\u00f3dicos italianos llevan ya su deceso en sus portadas digitales.\" title=\"Los principales peri\u00f3dicos italianos llevan ya su deceso en sus portadas digitales.\"><\/p>\n<p>Los principales peri\u00f3dicos italianos llevan ya su deceso en sus portadas digitales.<\/p>\n<\/div>\n<p>La polifac\u00e9tica cantante, actriz y presentadora Raffaella Carr\u00e1, icono de la televisi\u00f3n italiana y responsable de \u00e9xitos como &#8220;Hay que venir al sur&#8221;, falleci\u00f3 este lunes a los 78 a\u00f1os, anunciaron desde su entorno.<\/p>\n<p>&#8220;Raffaella nos ha dejado. Se ha ido a un mundo mejor, donde su humanidad, su inconfundible risa y su extraordinario talento brillar\u00e1n para siempre&#8221;, dijeron las fuentes, seg\u00fan consign\u00f3 la agencia Ansa.<\/p>\n<p>Una muerte muy inesperada que ha causado una enorme conmoci\u00f3n internacional, pues era una figura muy querida no solo en Italia sino en otros pa\u00edses como Espa\u00f1a. La gran estrella llevaba enferma una larga temporada, pero se desconoc\u00eda esta circunstancia, por lo que la noticia caus\u00f3 a\u00fan un impacto mayor. Los principales peri\u00f3dicos italianos llevan ya su deceso en sus portadas digitales.<\/p>\n<p>&#8220;Raffaella nos ha dejado. Se ha ido a un mundo mejor, donde su humanidad, su inconfundible risa y su extraordinario talento brillar\u00e1n para siempre&#8221;. Con estas palabras su pareja, Sergio Japino, anunciaba la muerte de la artista uni\u00e9ndose al dolor de los adorados sobrinos Federica y Matteo, de B\u00e1rbara, Paola y Claudia Boncompagni, de amigos de toda la vida y colaboradores m\u00e1s cercanos.<\/p>\n","protected":false},"excerpt":{"rendered":"<p>Los principales peri\u00f3dicos italianos llevan ya su deceso en sus portadas digitales. La polifac\u00e9tica cantante, actriz y presentadora Raffaella Carr\u00e1, icono de la televisi\u00f3n italiana y responsable de \u00e9xitos como &#8220;Hay que venir al sur&#8221;, falleci\u00f3 este lunes a los 78 a\u00f1os, anunciaron desde su entorno. &#8220;Raffaella nos ha dejado. Se ha ido a un [&hellip;]<\/p>\n","protected":false},"author":1,"featured_media":9728,"comment_status":"closed","ping_status":"closed","sticky":false,"template":"","format":"standard","meta":[],"categories":[20],"tags":[],"_links":{"self":[{"href":"http:\/\/cordobadirecto.com\/index.php\/wp-json\/wp\/v2\/posts\/9727"}],"collection":[{"href":"http:\/\/cordobadirecto.com\/index.php\/wp-json\/wp\/v2\/posts"}],"about":[{"href":"http:\/\/cordobadirecto.com\/index.php\/wp-json\/wp\/v2\/types\/post"}],"author":[{"embeddable":true,"href":"http:\/\/cordobadirecto.com\/index.php\/wp-json\/wp\/v2\/users\/1"}],"replies":[{"embeddable":true,"href":"http:\/\/cordobadirecto.com\/index.php\/wp-json\/wp\/v2\/comments?post=9727"}],"version-history":[{"count":0,"href":"http:\/\/cordobadirecto.com\/index.php\/wp-json\/wp\/v2\/posts\/9727\/revisions"}],"wp:featuredmedia":[{"embeddable":true,"href":"http:\/\/cordobadirecto.com\/index.php\/wp-json\/wp\/v2\/media\/9728"}],"wp:attachment":[{"href":"http:\/\/cordobadirecto.com\/index.php\/wp-json\/wp\/v2\/media?parent=9727"}],"wp:term":[{"taxonomy":"category","embeddable":true,"href":"http:\/\/cordobadirecto.com\/index.php\/wp-json\/wp\/v2\/categories?post=9727"},{"taxonomy":"post_tag","embeddable":true,"href":"http:\/\/cordobadirecto.com\/index.php\/wp-json\/wp\/v2\/tags?post=9727"}],"curies":[{"name":"wp","href":"https:\/\/api.w.org\/{rel}","templated":true}]}}