{"id":9756,"date":"2021-07-05T21:12:00","date_gmt":"2021-07-05T21:12:00","guid":{"rendered":"http:\/\/cordobadirecto.com\/index.php\/2021\/07\/05\/paises-con-buena-tasa-de-vacunacion-eliminan-restricciones-pese-a-la-variante-delta\/"},"modified":"2021-07-05T21:12:00","modified_gmt":"2021-07-05T21:12:00","slug":"paises-con-buena-tasa-de-vacunacion-eliminan-restricciones-pese-a-la-variante-delta","status":"publish","type":"post","link":"http:\/\/cordobadirecto.com\/index.php\/2021\/07\/05\/paises-con-buena-tasa-de-vacunacion-eliminan-restricciones-pese-a-la-variante-delta\/","title":{"rendered":"Pa\u00edses con buena tasa de vacunaci\u00f3n eliminan restricciones pese a la variante Delta"},"content":{"rendered":"<div class=\"image\" id=\"image\" readability=\"7\"> <img src=\"http:\/\/cordobadirecto.com\/wp-content\/uploads\/2021\/07\/paises-con-buena-tasa-de-vacunacion-eliminan-restricciones-pese-a-la-variante-delta.jpg\" alt=\"Boris Johnson anunci\u00f3 que el barbijo y el distanciamiento se terminan el 19 de julio\" title=\"Boris Johnson anunci\u00f3 que el barbijo y el distanciamiento se terminan el 19 de julio\"><\/p>\n<p>Boris Johnson anunci\u00f3 que el barbijo y el distanciamiento se terminan el 19 de julio<\/p>\n<\/div>\n<p>Desde el inicio de la pandemia de la Covid-19 se registraron a nivel global m\u00e1s de 184 millones de contagios y 3,98 millones de decesos, cifras que se aceleraron desde la aparici\u00f3n de la variante Delta, en diciembre de 2020 en India, y que sigue su alarmante avance en pa\u00edses de varios continentes, incluso en algunos con alta tasa de vacunaci\u00f3n.<\/p>\n<p><strong>En el Reino Unido el primer ministro brit\u00e1nico, Boris Johnson, anunci\u00f3 que desde el 19 de julio dejar\u00e1n de ser obligatorios el uso de tapabocas y el distanciamiento f\u00edsico<\/strong> en Inglaterra, e inst\u00f3 a los brit\u00e1nicos a &#8220;aprender a vivir&#8221; con el coronavirus mostr\u00e1ndose prudentes.<\/p>\n<p>Si bien el anuncio se produce en momentos en que los contagios treparon hasta los 25.000 casos diarios, Johnson destac\u00f3 que esa tendencia no se tradujo en un fuerte aumento de hospitalizaciones y muertes, gracias a la eficiencia del plan de vacunaci\u00f3n.<\/p>\n<p>El Gobierno tambi\u00e9n establecer\u00e1 esta semana un sistema por el cual los brit\u00e1nicos totalmente vacunados podr\u00e1n ir de vacaciones a pa\u00edses de la lista &#8220;\u00e1mbar&#8221;, que incluyen a Espa\u00f1a y la mayor parte de Europa, sin tener que hacer cuarentena a su regreso.<\/p>\n<p>Sin embargo,<strong> la situaci\u00f3n sanitaria en Espa\u00f1a se deterior\u00f3 en los \u00faltimos d\u00edas con un aumento de los contagios por Covid-19 entre los j\u00f3venes<\/strong>, una situaci\u00f3n que obliga a las autoridades a estudiar un endurecimiento de las medidas cuando la vacunaci\u00f3n progresa, mientras que Italia complet\u00f3 la vacunaci\u00f3n del 37% de la poblaci\u00f3n mayor de 12 a\u00f1os, inform\u00f3 el Gobierno.<\/p>\n<p>En tanto, en Noruega, la ministra de Salud, Erna Solberg, aplaz\u00f3 y hasta &#8220;finales de julio o principios de agosto&#8221; el levantamiento de las restricciones para prevenir una cuarta ola de la pandemia de coronavirus, causada por la variante Delta y que podr\u00eda convertirse en la dominante &#8220;en algunas semanas&#8221;, seg\u00fan replic\u00f3 la agencia de noticias AFP.<\/p>\n<p>Algunos pa\u00edses de Am\u00e9rica Latina tambi\u00e9n continuaban con su plan de desconfinamiento, como Chile, el primer pa\u00eds de la regi\u00f3n en vacunar a ni\u00f1os de entre 12 y 17 a\u00f1os, y Uruguay, donde m\u00e1s de la mitad de la poblaci\u00f3n est\u00e1 completamente vacunada.<\/p>\n<div class=\"image\" id=\"image\" readability=\"7\"> <img src=\"http:\/\/cordobadirecto.com\/wp-content\/uploads\/2021\/07\/paises-con-buena-tasa-de-vacunacion-eliminan-restricciones-pese-a-la-variante-delta-1.jpg\" alt=\"Chile relaja las restricciones del \u00e1rea metropolitana de Santiago\" title=\"Chile relaja las restricciones del \u00e1rea metropolitana de Santiago\"><\/p>\n<p>Chile relaja las restricciones del \u00e1rea metropolitana de Santiago<\/p>\n<\/div>\n<p><br open><br \/>\n<strong>En Chile, por ejemplo, el Ministerio de Salud comunic\u00f3 que a partir del jueves 8 de julio toda la Regi\u00f3n Metropolitana de Santiago saldr\u00e1 de cuarentena, al menos de lunes a vierne<\/strong>s, luego de reportar una disminuci\u00f3n en el \u00edndice de positividad de coronavirus a nivel local y nacional, aunque el total de casos confirmados supera los 1,5 millones y acumula m\u00e1s de 33.000 muertes asociadas a la enfermedad.<\/p>\n<p>La decisi\u00f3n fue influenciada por la reducci\u00f3n en la positividad de pruebas PCR, que disminuy\u00f3 a 4,3% en todo el pa\u00eds, y que se sit\u00faa en menos de 4% en la capital chilena (que hace una semana estaba en m\u00e1s de 7%), al tiempo que tambi\u00e9n decrecieron los casos activos de coronavirus a 20.647.<\/p>\n<p><strong>Uruguay, por su parte, habilit\u00f3 la realizaci\u00f3n de eventos sociales, las fiestas y los espect\u00e1culos p\u00fablicos, con limitaciones de capacidad,<\/strong> la apertura de patios de comida y la pr\u00e1ctica de deportes aficionados, mientras los n\u00fameros de casos, decesos y hospitalizaciones contin\u00faan a la baja, seg\u00fan replic\u00f3 Radiomundo.<\/p>\n<p>Sin embargo, ante la preocupaci\u00f3n por el ingreso de la variante Delta, el Ejecutivo anticip\u00f3 que exigir\u00e1 a los vacunados contra la Covid-19 un PCR al s\u00e9ptimo d\u00eda de haberse realizado el primero -necesario para ingresar al pa\u00eds- sin la necesidad de cumplir cuarentena.<\/p>\n<div class=\"image\" id=\"image\" readability=\"7\"> <img src=\"http:\/\/cordobadirecto.com\/wp-content\/uploads\/2021\/07\/paises-con-buena-tasa-de-vacunacion-eliminan-restricciones-pese-a-la-variante-delta-2.jpg\" alt=\"Cuba registr\u00f3 un record de muertes diarias\" title=\"Cuba registr\u00f3 un record de muertes diarias\"><\/p>\n<p>Cuba registr\u00f3 un record de muertes diarias<\/p>\n<\/div>\n<p><br open><br \/>\nLa situaci\u00f3n es distinta en <strong>Cuba, donde <\/strong><a href=\"https:\/\/www.telam.com.ar\/notas\/202107\/560218-cuba-cifra-record-desde-el-inicio-de-la-pandemia.html\" target=\"_blank\" rel=\"noopener\"><strong>se reportaron 21 personas fallecidas por coronavirus<\/strong>,<\/a><strong> la cifra m\u00e1s alta de muertos en un d\u00eda desde que se declar\u00f3 la pandemia en marzo de 2020 y que eleva el total a 1.372.<\/strong><\/p>\n<p>En paralelo, <strong>en Asia, Corea del Sur inform\u00f3 m\u00e1s de 700 casos de Covid-19 por tercer d\u00eda consecutivo<\/strong>, mientras que Bangladesh, golpeado por la variante Delta, extendi\u00f3 su confinamiento total tras un doble r\u00e9cord de contagios y muertes y China aisl\u00f3 parcialmente la ciudad sure\u00f1a de Ruili tras detectar tres casos de transmisi\u00f3n comunitaria.<\/p>\n<p>Adem\u00e1s,<strong> Israel contabiliz\u00f3 343 casos de coronavirus durante el \u00faltimo d\u00eda<\/strong>, su cifra m\u00e1xima en los \u00faltimos tres meses y el primer ministro Naftali Bennett y el ministro de Sanidad, Nitzan Horowitz, analizaban nuevas restricciones y aplicar una tercera dosis de la vacuna, seg\u00fan la agencia de noticias Europa Press.<\/p>\n<p>Poco alentador tambi\u00e9n es el panorama de<strong> Rusia, que super\u00f3 la barrera de los 138.000 decesos por coronavirus<\/strong> tras sumar m\u00e1s de 650 en las \u00faltimas 24 horas por quinto d\u00eda en los \u00faltimos siete, en medio de un fuerte rebrote atribuido a la variante Delta del virus y con epicentro en Mosc\u00fa. <\/p>\n","protected":false},"excerpt":{"rendered":"<p>Boris Johnson anunci\u00f3 que el barbijo y el distanciamiento se terminan el 19 de julio Desde el inicio de la pandemia de la Covid-19 se registraron a nivel global m\u00e1s de 184 millones de contagios y 3,98 millones de decesos, cifras que se aceleraron desde la aparici\u00f3n de la variante Delta, en diciembre de 2020 [&hellip;]<\/p>\n","protected":false},"author":1,"featured_media":9757,"comment_status":"closed","ping_status":"closed","sticky":false,"template":"","format":"standard","meta":[],"categories":[24],"tags":[],"_links":{"self":[{"href":"http:\/\/cordobadirecto.com\/index.php\/wp-json\/wp\/v2\/posts\/9756"}],"collection":[{"href":"http:\/\/cordobadirecto.com\/index.php\/wp-json\/wp\/v2\/posts"}],"about":[{"href":"http:\/\/cordobadirecto.com\/index.php\/wp-json\/wp\/v2\/types\/post"}],"author":[{"embeddable":true,"href":"http:\/\/cordobadirecto.com\/index.php\/wp-json\/wp\/v2\/users\/1"}],"replies":[{"embeddable":true,"href":"http:\/\/cordobadirecto.com\/index.php\/wp-json\/wp\/v2\/comments?post=9756"}],"version-history":[{"count":0,"href":"http:\/\/cordobadirecto.com\/index.php\/wp-json\/wp\/v2\/posts\/9756\/revisions"}],"wp:featuredmedia":[{"embeddable":true,"href":"http:\/\/cordobadirecto.com\/index.php\/wp-json\/wp\/v2\/media\/9757"}],"wp:attachment":[{"href":"http:\/\/cordobadirecto.com\/index.php\/wp-json\/wp\/v2\/media?parent=9756"}],"wp:term":[{"taxonomy":"category","embeddable":true,"href":"http:\/\/cordobadirecto.com\/index.php\/wp-json\/wp\/v2\/categories?post=9756"},{"taxonomy":"post_tag","embeddable":true,"href":"http:\/\/cordobadirecto.com\/index.php\/wp-json\/wp\/v2\/tags?post=9756"}],"curies":[{"name":"wp","href":"https:\/\/api.w.org\/{rel}","templated":true}]}}