{"id":9760,"date":"2021-07-06T00:14:33","date_gmt":"2021-07-06T00:14:33","guid":{"rendered":"https:\/\/cordoba.gob.ar\/?p=10832"},"modified":"2021-07-06T00:14:33","modified_gmt":"2021-07-06T00:14:33","slug":"el-municipio-revaloriza-la-plazoleta-del-fundador-con-nueva-luminaria","status":"publish","type":"post","link":"http:\/\/cordobadirecto.com\/index.php\/2021\/07\/06\/el-municipio-revaloriza-la-plazoleta-del-fundador-con-nueva-luminaria\/","title":{"rendered":"El Municipio revaloriza la Plazoleta del Fundador con nueva luminaria"},"content":{"rendered":"<p>Con motivo del 448\u00b0 aniversario de la ciudad, y con el objetivo de recuperar y dar valor a los espacios p\u00fablicos, la Municipalidad de C\u00f3rdoba instal\u00f3 una nueva luminaria en la Plazoleta del Fundador.<\/p>\n<p>Detr\u00e1s de la Iglesia Catedral se colocaron 70 metros de cable subterr\u00e1neo y se ejecutaron tres pilotes de hormig\u00f3n a nivel del piso para alumbrar el sector. A su vez, se instalaron tres proyectores que iluminan las estatuas de Jer\u00f3nimo Luis de Cabrera y el Cura Brochero, y otras tres luminarias que har\u00e1n lo propio sobre los m\u00e1stiles.<\/p>\n<p>Las tareas, realizadas entre las calles 27 de Abril, Obispo Trejo y pasaje Santa Catalina, potencian la revalorizaci\u00f3n de la Plazoleta, a un a\u00f1o de la recuperaci\u00f3n de su fuente.<\/p>\n<p>Al mismo tiempo, la Municipalidad celebra el 78\u00b0 aniversario de la inauguraci\u00f3n del m\u00edtico Arco de C\u00f3rdoba, iluminando su estructura con luces especiales para la ocasi\u00f3n.<\/p>\n<p>Ubicado en la zona sureste de la ciudad, su estructura fue dise\u00f1ada por el exintendente Donato Latella Fr\u00edas e inaugurada en 1943. En el lugar funciona el Museo del Arco de Cordoba, donde se expone la l\u00ednea hist\u00f3rica de la ciudad.<\/p>\n<p class=\"wpex-roembed wpex-clr\"><a data-flickr-embed=\"true\" href=\"https:\/\/www.flickr.com\/photos\/158498840@N03\/albums\/72157719555790935\" title=\"Colocan nueva luminaria en la Plazoleta del Fundador e iluminan el Arco de C\u00f3rdoba by Municipalidad de C\u00f3rdoba, on Flickr\"><img loading=\"lazy\" src=\"http:\/\/cordobadirecto.com\/wp-content\/uploads\/2021\/07\/el-municipio-revaloriza-la-plazoleta-del-fundador-con-nueva-luminaria.jpg\" width=\"800\" height=\"600\" alt=\"Colocan nueva luminaria en la Plazoleta del Fundador e iluminan el Arco de C\u00f3rdoba\"><\/a><\/p>\n<hr>\n","protected":false},"excerpt":{"rendered":"<p>Con motivo del 448\u00b0 aniversario de la ciudad, y con el objetivo de recuperar y dar valor a los espacios p\u00fablicos, la Municipalidad de C\u00f3rdoba instal\u00f3 una nueva luminaria en la Plazoleta del Fundador. Detr\u00e1s de la Iglesia Catedral se colocaron 70 metros de cable subterr\u00e1neo y se ejecutaron tres pilotes de hormig\u00f3n a nivel [&hellip;]<\/p>\n","protected":false},"author":1,"featured_media":9761,"comment_status":"closed","ping_status":"closed","sticky":false,"template":"","format":"standard","meta":[],"categories":[44],"tags":[],"_links":{"self":[{"href":"http:\/\/cordobadirecto.com\/index.php\/wp-json\/wp\/v2\/posts\/9760"}],"collection":[{"href":"http:\/\/cordobadirecto.com\/index.php\/wp-json\/wp\/v2\/posts"}],"about":[{"href":"http:\/\/cordobadirecto.com\/index.php\/wp-json\/wp\/v2\/types\/post"}],"author":[{"embeddable":true,"href":"http:\/\/cordobadirecto.com\/index.php\/wp-json\/wp\/v2\/users\/1"}],"replies":[{"embeddable":true,"href":"http:\/\/cordobadirecto.com\/index.php\/wp-json\/wp\/v2\/comments?post=9760"}],"version-history":[{"count":0,"href":"http:\/\/cordobadirecto.com\/index.php\/wp-json\/wp\/v2\/posts\/9760\/revisions"}],"wp:featuredmedia":[{"embeddable":true,"href":"http:\/\/cordobadirecto.com\/index.php\/wp-json\/wp\/v2\/media\/9761"}],"wp:attachment":[{"href":"http:\/\/cordobadirecto.com\/index.php\/wp-json\/wp\/v2\/media?parent=9760"}],"wp:term":[{"taxonomy":"category","embeddable":true,"href":"http:\/\/cordobadirecto.com\/index.php\/wp-json\/wp\/v2\/categories?post=9760"},{"taxonomy":"post_tag","embeddable":true,"href":"http:\/\/cordobadirecto.com\/index.php\/wp-json\/wp\/v2\/tags?post=9760"}],"curies":[{"name":"wp","href":"https:\/\/api.w.org\/{rel}","templated":true}]}}