{"id":9762,"date":"2021-07-05T22:13:57","date_gmt":"2021-07-05T22:13:57","guid":{"rendered":"https:\/\/cordoba.gob.ar\/?p=10825"},"modified":"2021-07-05T22:13:57","modified_gmt":"2021-07-05T22:13:57","slug":"la-ciudad-celebra-su-448-aniversario-con-musica","status":"publish","type":"post","link":"http:\/\/cordobadirecto.com\/index.php\/2021\/07\/05\/la-ciudad-celebra-su-448-aniversario-con-musica\/","title":{"rendered":"La Ciudad celebra su 448 aniversario con m\u00fasica"},"content":{"rendered":"<div><img src=\"http:\/\/cordobadirecto.com\/wp-content\/uploads\/2021\/07\/la-ciudad-celebra-su-448-aniversario-con-musica.png\" class=\"ff-og-image-inserted\"><\/div>\n<ul>\n<li><strong>Se trata de 5 episodios musicales que se compartir\u00e1n por redes sociales durante toda la semana.<\/strong><\/li>\n<\/ul>\n<hr>\n<p>La Subsecretar\u00eda de Cultura, dependiente de la Secretar\u00eda de Gobierno de la Municipalidad de C\u00f3rdoba, invita a disfrutar la Semana de C\u00f3rdoba junto a los Elencos Art\u00edsticos Municipales, con motivo de cumplirse un nuevo aniversario de la Ciudad de C\u00f3rdoba.<\/p>\n<p>El Centro Cultural Manuel de Falla organiza los 5 episodios musicales realizados por la Banda Sinf\u00f3nica Municipal, la Orquesta de Cuerdas Municipal, el Ensamble Municipal de M\u00fasica Ciudadana y el Coro Municipal, pudiendo apreciarse mediante las redes sociales de la Subsecretar\u00eda de Cultura y del Centro Cultural. El ciclo contar\u00e1 con la participaci\u00f3n especial de los ballets \u201cFraternidad Tinkus Fuerza de mi Tierra\u201d y \u201cTinkuy Jallalla Bolivia Potos\u00ed\u201d.<\/p>\n<p>A continuaci\u00f3n, se detalla la Programaci\u00f3n de los 5 Episodios Municipales:<br \/>\u2013 Lunes 5: \u201cHimno de C\u00f3rdoba\u201d, interpretado por el Coro Municipal y la Orquesta de Cuerdas Municipal.<\/p>\n<p>\u2013 Martes 6: \u201cC\u00f3rdoba de Anta\u00f1o\u201d, interpretado por el Ensamble Municipal de M\u00fasica Ciudadana.<\/p>\n<p>\u2013 Mi\u00e9rcoles 7: \u201cMixtura. Se\u00f1ora chichera\u201d, interpretado por la Banda Juvenil Municipal y la Banda Sinf\u00f3nica Municipal. Con la participaci\u00f3n especial de los ballets \u201cFraternidad Tinkus Fuerza de mi Tierra\u201d y \u201cTinkuy Jallalla Bolivia Potos\u00ed\u201d.<\/p>\n<p>\u2013 Jueves 8: \u201cSuqu\u00eda\u201d, la Cantata Cordobesita, interpretado por la Orquesta de Cuerdas Municipal y el Coro Municipal.<\/p>\n<p>\u2013 Viernes 9: \u201cHimno Nacional Argentino\u201d, por la Banda Sinf\u00f3nica Municipal, la Orquesta de Cuerdas Municipal y el Coro Municipal.<\/p>\n<p>Las redes sociales que visibilizar\u00e1n la celebraci\u00f3n son, de la Subsecretar\u00eda de Cultura: <a href=\"https:\/\/instagram.com\/cultura.municba\">Instagram<\/a> y <a href=\"https:\/\/www.facebook.com\/culturacba\/\">Facebook<\/a> ; y las del Centro Cultural Manuel de Falla: <a href=\"https:\/\/youtube.com\/channel\/UCMJa4EexGvbKcrwJfy0kQJg\">YouTube<\/a>, <a href=\"https:\/\/instagram.com\/ccmanueldefalla\">Instagram<\/a> y <a href=\"https:\/\/facebook.com\/CentroCulturalManueldeFalla\/\">Facebook<\/a>.<\/p>\n","protected":false},"excerpt":{"rendered":"<p>Se trata de 5 episodios musicales que se compartir\u00e1n por redes sociales durante toda la semana. La Subsecretar\u00eda de Cultura, dependiente de la Secretar\u00eda de Gobierno de la Municipalidad de C\u00f3rdoba, invita a disfrutar la Semana de C\u00f3rdoba junto a los Elencos Art\u00edsticos Municipales, con motivo de cumplirse un nuevo aniversario de la Ciudad de [&hellip;]<\/p>\n","protected":false},"author":1,"featured_media":9763,"comment_status":"closed","ping_status":"closed","sticky":false,"template":"","format":"standard","meta":[],"categories":[44],"tags":[],"_links":{"self":[{"href":"http:\/\/cordobadirecto.com\/index.php\/wp-json\/wp\/v2\/posts\/9762"}],"collection":[{"href":"http:\/\/cordobadirecto.com\/index.php\/wp-json\/wp\/v2\/posts"}],"about":[{"href":"http:\/\/cordobadirecto.com\/index.php\/wp-json\/wp\/v2\/types\/post"}],"author":[{"embeddable":true,"href":"http:\/\/cordobadirecto.com\/index.php\/wp-json\/wp\/v2\/users\/1"}],"replies":[{"embeddable":true,"href":"http:\/\/cordobadirecto.com\/index.php\/wp-json\/wp\/v2\/comments?post=9762"}],"version-history":[{"count":0,"href":"http:\/\/cordobadirecto.com\/index.php\/wp-json\/wp\/v2\/posts\/9762\/revisions"}],"wp:featuredmedia":[{"embeddable":true,"href":"http:\/\/cordobadirecto.com\/index.php\/wp-json\/wp\/v2\/media\/9763"}],"wp:attachment":[{"href":"http:\/\/cordobadirecto.com\/index.php\/wp-json\/wp\/v2\/media?parent=9762"}],"wp:term":[{"taxonomy":"category","embeddable":true,"href":"http:\/\/cordobadirecto.com\/index.php\/wp-json\/wp\/v2\/categories?post=9762"},{"taxonomy":"post_tag","embeddable":true,"href":"http:\/\/cordobadirecto.com\/index.php\/wp-json\/wp\/v2\/tags?post=9762"}],"curies":[{"name":"wp","href":"https:\/\/api.w.org\/{rel}","templated":true}]}}