{"id":99460,"date":"2023-02-03T21:11:27","date_gmt":"2023-02-03T21:11:27","guid":{"rendered":"http:\/\/cordobadirecto.com\/index.php\/2023\/02\/03\/ypf-luz-invierte-us260-millones-para-un-nuevo-parque-eolico-en-cordoba\/"},"modified":"2023-02-03T21:11:27","modified_gmt":"2023-02-03T21:11:27","slug":"ypf-luz-invierte-us260-millones-para-un-nuevo-parque-eolico-en-cordoba","status":"publish","type":"post","link":"http:\/\/cordobadirecto.com\/index.php\/2023\/02\/03\/ypf-luz-invierte-us260-millones-para-un-nuevo-parque-eolico-en-cordoba\/","title":{"rendered":"YPF Luz invierte u$s260 millones para un <b>nuevo<\/b> parque e\u00f3lico en <b>C\u00f3rdoba<\/b>"},"content":{"rendered":"<p>El <b>nuevo<\/b> parque e\u00f3lico estar\u00e1 ubicado en la localidad de General &#8230; y generando un incremento en la actividad <b>econ\u00f3mica<\/b> local a trav\u00e9s de la&nbsp;&#8230; <\/p>\n","protected":false},"excerpt":{"rendered":"<p>El nuevo parque e\u00f3lico estar\u00e1 ubicado en la localidad de General &#8230; y generando un incremento en la actividad econ\u00f3mica local a trav\u00e9s de la&nbsp;&#8230;<\/p>\n","protected":false},"author":1,"featured_media":0,"comment_status":"closed","ping_status":"closed","sticky":false,"template":"","format":"standard","meta":[],"categories":[40],"tags":[],"_links":{"self":[{"href":"http:\/\/cordobadirecto.com\/index.php\/wp-json\/wp\/v2\/posts\/99460"}],"collection":[{"href":"http:\/\/cordobadirecto.com\/index.php\/wp-json\/wp\/v2\/posts"}],"about":[{"href":"http:\/\/cordobadirecto.com\/index.php\/wp-json\/wp\/v2\/types\/post"}],"author":[{"embeddable":true,"href":"http:\/\/cordobadirecto.com\/index.php\/wp-json\/wp\/v2\/users\/1"}],"replies":[{"embeddable":true,"href":"http:\/\/cordobadirecto.com\/index.php\/wp-json\/wp\/v2\/comments?post=99460"}],"version-history":[{"count":0,"href":"http:\/\/cordobadirecto.com\/index.php\/wp-json\/wp\/v2\/posts\/99460\/revisions"}],"wp:attachment":[{"href":"http:\/\/cordobadirecto.com\/index.php\/wp-json\/wp\/v2\/media?parent=99460"}],"wp:term":[{"taxonomy":"category","embeddable":true,"href":"http:\/\/cordobadirecto.com\/index.php\/wp-json\/wp\/v2\/categories?post=99460"},{"taxonomy":"post_tag","embeddable":true,"href":"http:\/\/cordobadirecto.com\/index.php\/wp-json\/wp\/v2\/tags?post=99460"}],"curies":[{"name":"wp","href":"https:\/\/api.w.org\/{rel}","templated":true}]}}